{"id":325,"date":"2024-07-15T14:16:12","date_gmt":"2024-07-15T12:16:12","guid":{"rendered":"http:\/\/www.pcpr.powiat-skierniewice.pl\/?p=325"},"modified":"2026-01-15T08:50:05","modified_gmt":"2026-01-15T07:50:05","slug":"nowy-cus","status":"publish","type":"post","link":"http:\/\/www.pcpr.powiat-skierniewice.pl\/index.php\/2024\/07\/15\/nowy-cus\/","title":{"rendered":"NOWY CU\u015a"},"content":{"rendered":"<p>W dniu 27 maja 2024 r. zosta\u0142a zawarta umowa Nr FELD.07.09-IP.01-0009\/23 o\u00a0dofinansowanie projektu pt. <strong>\u201eNowy CU\u015a\u201d<\/strong>, w ramach Priorytetu 7. Fundusze europejskie dla zatrudnienia i integracji w \u0141\u00f3dzkiem, Dzia\u0142ania FELD.07.09 Us\u0142ugi spo\u0142eczne i zdrowotne, finansowanego z Europejskiego Funduszu Spo\u0142ecznego Plus (EFS+) w ramach programu regionalnego Fundusze Europejskie dla \u0141\u00f3dzkiego 2021 \u2013 2027 (nab\u00f3r nr FELD.07.09-IP.01-001\/23,og\u0142oszony przez Instytucj\u0119 Po\u015brednicz\u0105c\u0105 \u2013 Wojew\u00f3dzki Urz\u0105d Pracy w \u0141odzi).<\/p>\n<p>Kwota dofinansowania projektu wynosi <strong>9 355 356,50 <\/strong><strong>z\u0142<\/strong>.<\/p>\n<p>W ramach projektu prowadzone b\u0119d\u0105 dzia\u0142ania przyczyniaj\u0105ce si\u0119 do rozwoju us\u0142ug spo\u0142ecznych na terenie powiatu skierniewickiego.<\/p>\n<p>Projekt poprzez realizacj\u0119 pi\u0119ciu zada\u0144 wzmocni us\u0142ugi spo\u0142eczne \u015bwiadczone w warunkach domowych i \u015brodowisku naturalnym oraz zwi\u0119kszy dost\u0119pno\u015b\u0107 do us\u0142ug.<\/p>\n<p>Katalog us\u0142ug przewidziany w projekcie zosta\u0142 opracowany na podstawie partycypacyjnej diagnozy opracowanej przez PCPR w Skierniewicach na potrzeby projektu.<\/p>\n<p>Realizacja projektu przyczyni si\u0119 do osi\u0105gni\u0119cia celu Priorytetu 07.09 Programu Fundusze Europejskie dla \u0141\u00f3dzkiego \u2013 Zwi\u0119kszanie r\u00f3wnego i szybkiego dost\u0119pu do dobrej jako\u015bci, trwa\u0142ych i przyst\u0119pnych cenowo us\u0142ug, w tym us\u0142ug, kt\u00f3re wspieraj\u0105 dost\u0119p do mieszka\u0144 oraz opieki skoncentrowanej na osobie, w tym opieki zdrowotnej; modernizacja system\u00f3w ochrony socjalnej, w tym wspieranie dost\u0119pu do ochrony socjalnej, ze szczeg\u00f3lnym uwzgl\u0119dnieniem dzieci i grup w niekorzystnej sytuacji; poprawa dost\u0119pno\u015bci, w tym dla os\u00f3b z\u00a0niepe\u0142nosprawno\u015bciami, skuteczno\u015bci i odporno\u015bci system\u00f3w ochrony zdrowia i us\u0142ug opieki d\u0142ugoterminowej.<\/p>\n<p>Czytaj dalej: <a href=\"http:\/\/www.pcpr.powiat-skierniewice.pl\/wp-content\/uploads\/2024\/07\/Informacja-o-realizacji-projektu-OK.docx\">Informacja o realizacji projektu<br \/>\n<\/a><\/p>\n<p><em><strong>NAB\u00d3R DO PROJEKTU<\/strong><\/em><\/p>\n<p><strong>Zapraszamy osoby potrzebuj\u0105ce wsparcia w codziennym funkcjonowaniu do skorzystania z us\u0142ug\u00a0 spo\u0142ecznych.<\/strong><\/p>\n<p><strong><a href=\"http:\/\/www.pcpr.powiat-skierniewice.pl\/wp-content\/uploads\/2024\/07\/Nabor-do-projektu-pt.-Nowy-CUS.docx\">Czytaj wi\u0119cej: Nab\u00f3r do projektu pt. Nowy CU\u015a<\/a><\/strong><\/p>\n<p>Do pobrania: <a href=\"http:\/\/www.pcpr.powiat-skierniewice.pl\/wp-content\/uploads\/2024\/07\/Arkusz-rekrutacyny.pdf\">Arkusz rekrutacyjny<\/a><\/p>\n<p>&nbsp;<\/p>\n<p><a href=\"http:\/\/www.pcpr.powiat-skierniewice.pl\/wp-content\/uploads\/2024\/07\/Szczegolowy-harmonogram-wsparcia-30.06.2025r.pdf\"><strong>Szczeg\u00f3\u0142owy harmonogram wsparcia<\/strong> 30.06.2025 r.<\/a><\/p>\n<p><a href=\"http:\/\/www.pcpr.powiat-skierniewice.pl\/wp-content\/uploads\/2025\/10\/Szczegolowy-harmonogram-wsparcia-30.09.2025-r.pdf\"><strong>Szczeg\u00f3\u0142owy harmonogram wsparcia 30.09.2025 r.<\/strong><\/a><\/p>\n<p><a href=\"http:\/\/www.pcpr.powiat-skierniewice.pl\/wp-content\/uploads\/2024\/07\/Szczegolowy-harmonogram-wsparcia-31.12.2025-r.pdf\"><strong>Szczeg\u00f3\u0142owy harmonogram wsparcia 31.12.2025 r.<\/strong><\/a><\/p>\n<p>&nbsp;<\/p>\n","protected":false},"excerpt":{"rendered":"<p>W dniu 27 maja 2024 r. zosta\u0142a zawarta umowa Nr FELD.07.09-IP.01-0009\/23 o\u00a0dofinansowanie projektu pt. \u201eNowy CU\u015a\u201d, w ramach Priorytetu 7. Fundusze europejskie dla zatrudnienia i integracji w \u0141\u00f3dzkiem, Dzia\u0142ania FELD.07.09 [&hellip;]<\/p>\n","protected":false},"author":2,"featured_media":0,"comment_status":"open","ping_status":"open","sticky":false,"template":"","format":"standard","meta":{"footnotes":""},"categories":[3],"tags":[],"class_list":["post-325","post","type-post","status-publish","format-standard","hentry","category-aktualnosci","clearfix"],"_links":{"self":[{"href":"http:\/\/www.pcpr.powiat-skierniewice.pl\/index.php\/wp-json\/wp\/v2\/posts\/325","targetHints":{"allow":["GET"]}}],"collection":[{"href":"http:\/\/www.pcpr.powiat-skierniewice.pl\/index.php\/wp-json\/wp\/v2\/posts"}],"about":[{"href":"http:\/\/www.pcpr.powiat-skierniewice.pl\/index.php\/wp-json\/wp\/v2\/types\/post"}],"author":[{"embeddable":true,"href":"http:\/\/www.pcpr.powiat-skierniewice.pl\/index.php\/wp-json\/wp\/v2\/users\/2"}],"replies":[{"embeddable":true,"href":"http:\/\/www.pcpr.powiat-skierniewice.pl\/index.php\/wp-json\/wp\/v2\/comments?post=325"}],"version-history":[{"count":6,"href":"http:\/\/www.pcpr.powiat-skierniewice.pl\/index.php\/wp-json\/wp\/v2\/posts\/325\/revisions"}],"predecessor-version":[{"id":407,"href":"http:\/\/www.pcpr.powiat-skierniewice.pl\/index.php\/wp-json\/wp\/v2\/posts\/325\/revisions\/407"}],"wp:attachment":[{"href":"http:\/\/www.pcpr.powiat-skierniewice.pl\/index.php\/wp-json\/wp\/v2\/media?parent=325"}],"wp:term":[{"taxonomy":"category","embeddable":true,"href":"http:\/\/www.pcpr.powiat-skierniewice.pl\/index.php\/wp-json\/wp\/v2\/categories?post=325"},{"taxonomy":"post_tag","embeddable":true,"href":"http:\/\/www.pcpr.powiat-skierniewice.pl\/index.php\/wp-json\/wp\/v2\/tags?post=325"}],"curies":[{"name":"wp","href":"https:\/\/api.w.org\/{rel}","templated":true}]}}