{"id":332,"date":"2024-08-14T13:33:59","date_gmt":"2024-08-14T11:33:59","guid":{"rendered":"http:\/\/www.pcpr.powiat-skierniewice.pl\/?p=332"},"modified":"2024-08-14T13:42:51","modified_gmt":"2024-08-14T11:42:51","slug":"standardy-ochrony-maloletnich","status":"publish","type":"post","link":"http:\/\/www.pcpr.powiat-skierniewice.pl\/index.php\/2024\/08\/14\/standardy-ochrony-maloletnich\/","title":{"rendered":"STANDARDY OCHRONY MA\u0141OLETNICH"},"content":{"rendered":"<p style=\"text-align: justify;\"><span style=\"font-family: 'Arial',sans-serif;\">Zgodnie z zarz\u0105dzeniem Kierownika Powiatowego Centrum Pomocy Rodzinie w\u00a0Skierniewicach, w naszej Jednostce wprowadzono <b><span style=\"color: #c00000;\">STANDARDY OCHRONY MA\u0141OLETNICH<\/span><\/b>.<\/span><\/p>\n<p style=\"text-align: justify;\"><span style=\"font-family: 'Arial',sans-serif;\">To zbi\u00f3r zasad, kt\u00f3re zosta\u0142y spisane w celu okre\u015blenia ram profesjonalnych relacji z\u00a0dzieckiem i wskazania dobrych praktyk, a tak\u017ce zachowa\u0144, kt\u00f3re nigdy nie powinny mie\u0107 miejsca.<\/span><\/p>\n<p style=\"text-align: justify;\"><span style=\"font-family: 'Arial',sans-serif;\">Zasady obejmuj\u0105 r\u00f3\u017cne obszary: zasady bezpiecznej rekrutacji pracownik\u00f3w, zasady zapewniaj\u0105ce bezpieczne relacje mi\u0119dzy dzieckiem, a pracownikiem PCPR, zasady dotycz\u0105ce kontaktu fizycznego z dzieckiem, procedury interwencji w przypadku podejrzenia krzywdzenia dziecka.<\/span><\/p>\n<p style=\"text-align: justify;\"><span style=\"font-family: 'Arial',sans-serif;\">We wszystkich dzia\u0142aniach podejmowanych wobec dziecka kierujemy si\u0119 dobrem dziecka i\u00a0jego najlepszym interesem. Bierzemy pod uwag\u0119 jego wiek, sytuacj\u0119 psychologiczn\u0105, mo\u017cliwo\u015bci poznawcze i indywidualne potrzeby.<\/span><\/p>\n<p><a href=\"http:\/\/www.pcpr.powiat-skierniewice.pl\/wp-content\/uploads\/2024\/08\/Standardy-Ochrony-Maloletnich-PCPR-Skierniewice.pdf\">Standardy Ochrony Ma\u0142oletnich PCPR Skierniewice<\/a><\/p>\n<p><a href=\"http:\/\/www.pcpr.powiat-skierniewice.pl\/wp-content\/uploads\/2024\/08\/Standardy-ochrony-maloletnich-PCPR-Skierniewice-wersja-skrocona.pdf\">Standardy Ochrony Ma\u0142oletnich PCPR Skierniewice &#8211; wersja skr\u00f3cona<\/a><\/p>\n<p>&nbsp;<\/p>\n","protected":false},"excerpt":{"rendered":"<p>Zgodnie z zarz\u0105dzeniem Kierownika Powiatowego Centrum Pomocy Rodzinie w\u00a0Skierniewicach, w naszej Jednostce wprowadzono STANDARDY OCHRONY MA\u0141OLETNICH. To zbi\u00f3r zasad, kt\u00f3re zosta\u0142y spisane w celu okre\u015blenia ram profesjonalnych relacji z\u00a0dzieckiem i [&hellip;]<\/p>\n","protected":false},"author":2,"featured_media":0,"comment_status":"open","ping_status":"open","sticky":false,"template":"","format":"standard","meta":{"footnotes":""},"categories":[1],"tags":[],"class_list":["post-332","post","type-post","status-publish","format-standard","hentry","category-bez-kategorii","clearfix"],"_links":{"self":[{"href":"http:\/\/www.pcpr.powiat-skierniewice.pl\/index.php\/wp-json\/wp\/v2\/posts\/332","targetHints":{"allow":["GET"]}}],"collection":[{"href":"http:\/\/www.pcpr.powiat-skierniewice.pl\/index.php\/wp-json\/wp\/v2\/posts"}],"about":[{"href":"http:\/\/www.pcpr.powiat-skierniewice.pl\/index.php\/wp-json\/wp\/v2\/types\/post"}],"author":[{"embeddable":true,"href":"http:\/\/www.pcpr.powiat-skierniewice.pl\/index.php\/wp-json\/wp\/v2\/users\/2"}],"replies":[{"embeddable":true,"href":"http:\/\/www.pcpr.powiat-skierniewice.pl\/index.php\/wp-json\/wp\/v2\/comments?post=332"}],"version-history":[{"count":2,"href":"http:\/\/www.pcpr.powiat-skierniewice.pl\/index.php\/wp-json\/wp\/v2\/posts\/332\/revisions"}],"predecessor-version":[{"id":337,"href":"http:\/\/www.pcpr.powiat-skierniewice.pl\/index.php\/wp-json\/wp\/v2\/posts\/332\/revisions\/337"}],"wp:attachment":[{"href":"http:\/\/www.pcpr.powiat-skierniewice.pl\/index.php\/wp-json\/wp\/v2\/media?parent=332"}],"wp:term":[{"taxonomy":"category","embeddable":true,"href":"http:\/\/www.pcpr.powiat-skierniewice.pl\/index.php\/wp-json\/wp\/v2\/categories?post=332"},{"taxonomy":"post_tag","embeddable":true,"href":"http:\/\/www.pcpr.powiat-skierniewice.pl\/index.php\/wp-json\/wp\/v2\/tags?post=332"}],"curies":[{"name":"wp","href":"https:\/\/api.w.org\/{rel}","templated":true}]}}